




{"id":17899,"date":"2023-03-02T09:24:11","date_gmt":"2023-03-02T09:24:11","guid":{"rendered":"https:\/\/www.ccpc.ie\/consumers\/?p=17899"},"modified":"2023-03-02T09:24:11","modified_gmt":"2023-03-02T09:24:11","slug":"foghlaim-conas-do-chuid-airgid-a-bhainistiu-as-gaeilge-le-habhair-airgid-de-chuid-ccpc","status":"publish","type":"post","link":"https:\/\/ccpc.inventise.ie\/consumers\/2023\/03\/02\/foghlaim-conas-do-chuid-airgid-a-bhainistiu-as-gaeilge-le-habhair-airgid-de-chuid-ccpc\/","title":{"rendered":"Foghlaim conas do chuid airgid a bhainisti\u00fa &#8216;as gaeilge&#8217; le h\u00e1bhair airgid de chuid CCPC"},"content":{"rendered":"<p>Chun Seachtain na Gaeilge 2023 a cheili\u00faradh, t\u00e1 CCPC ag moladh do mh\u00fainteoir\u00ed agus scol\u00e1ir\u00ed na Sraithe S\u00f3iseara\u00ed leas a bhaint as an nGaeilge at\u00e1 acu agus \u00e1r n-acmhainn Ghaeilge at\u00e1 saor in aisce, \u00c1bhair Airgid, a \u00fas\u00e1id.<\/p>\n<p>Forbra\u00edodh \u00c1bhair Airgid do scol\u00e1ir\u00ed agus m\u00fainteoir\u00ed Eacnama\u00edocht Bhaile agus Staid\u00e9ar Gn\u00f3 na Sraithe S\u00f3iseara\u00ed, agus anois t\u00e1 s\u00e9 ina acmhainn r\u00edth\u00e1bhachtach a \u00fas\u00e1idtear i seomra\u00ed ranga ar fud na h\u00c9ireann. Ligeann \u00c1bhair Airgid do scol\u00e1ir\u00ed foghlaim faoi bhainist\u00edocht airgid, at\u00e1 ina scil th\u00e1bhachtach, tr\u00ed Ghaeilge.<\/p>\n<p>Don tseachtain seo, t\u00e1 CCPC ag moladh do chainteoir\u00ed neamhdh\u00fachasacha agus d\u00f3ibh si\u00fad nach bhfuil m\u00f3r\u00e1n Gaeilge acu triail a bhaint as \u00c1bhair Airgid agus an c\u00fapla focal at\u00e1 acu a labhairt, agus cuirfidh siad leis an eolas at\u00e1 acu ar airgead pearsanta chomh maith.<\/p>\n<h2>C\u00e9ard is \u00e1bhair airgid ann?<\/h2>\n<p>Acmhainn seomra ranga do scol\u00e1ir\u00ed agus m\u00fainteoir\u00ed i scoileanna l\u00e1n-Ghaeilge is ea \u00c1bhair Airgid, a dh\u00edr\u00edonn ar Eacnama\u00edocht Bhaile agus Staid\u00e9ar Gn\u00f3 na Sraithe S\u00f3iseara\u00ed. Forbra\u00edodh \u00e9 i gcomhar leis <strong>an gComhairle um Oideachas Gaeltachta agus Gaelscola\u00edochta<\/strong> <a href=\"https:\/\/www.cogg.ie\/en\/\" class=\"broken_link\">(COGG)<\/a>, agus le hionadaithe \u00f3n <strong>tSraith Sh\u00f3isearach do Mh\u00fainteoir\u00ed<\/strong> <a href=\"https:\/\/www.jct.ie\/home\/home.php\">(JCT)<\/a>, chun cabhr\u00fa le sainriachtanais na scol\u00e1ir\u00ed at\u00e1 ag foghlaim tr\u00ed Ghaeilge.<\/p>\n<p>Cuims\u00edonn \u00c1bhair Airgid r\u00e9imse acmhainn\u00ed lena n-\u00e1ir\u00edtear cleachta\u00ed, gn\u00edomha\u00edochta\u00ed, c\u00e1s-staid\u00e9ir, gearrth\u00f3ga f\u00edse agus n\u00f3ta\u00ed cuimsitheacha \u00f3 OneNote. Cl\u00fada\u00edtear r\u00e9imse topaic\u00ed sna hacmhainn\u00ed seo a bhaineann le hairgead pearsanta. T\u00e1 c\u00fapla ceacht i ngach aonad, agus iad ar fad ag teacht le tortha\u00ed foghlama Churaclam na Sraithe S\u00f3iseara\u00ed. Dearadh \u00e9 chun an pr\u00edomheolas a chur ar f\u00e1il ar bhealach idirghn\u00edomhach sol\u00fabtha, bealach a spreagfaidh na scol\u00e1ir\u00ed ar feadh na scoilbhliana.<\/p>\n<h2>An bhfuil s\u00e9 do scol\u00e1ir\u00ed na sraithe s\u00f3iseara\u00ed amh\u00e1in?<\/h2>\n<p>C\u00e9 gur forbra\u00edodh \u00e9 don tSraith Sh\u00f3isearach, is scil th\u00e1bhachtach \u00ed bainist\u00edocht airgid beag beann ar d\u2019aois. Mar sin, t\u00e1 CCPC ag moladh do gach duine leas a bhaint as \u00c1bhair Airgid le linn Sheachtain na Gaeilge. N\u00ed bheadh a fhios agat, d\u2019fh\u00e9adfadh an \u2018c\u00fapla focal\u2019 at\u00e1 agat cabhr\u00fa leat \u2018c\u00fapla punt\u2019 a sh\u00e1bh\u00e1il amach anseo!!<\/p>\n<h2>An g\u00e1 dom cl\u00e1r\u00fa ar l\u00edne?<\/h2>\n<p>Acmhainn SAOR IN AISCE is ea \u00c1bhair Airgid, at\u00e1 ar f\u00e1il do gach duine ar l\u00edne. N\u00ed g\u00e1 duit cl\u00e1r\u00fa n\u00e1 sonra\u00ed log\u00e1la isteach a thabhairt. T\u00e9igh go dt\u00ed <a href=\"https:\/\/moneymatters.ccpc.ie\/abhair-airgid\/\">ccpc.ie\/abhair-airgid<\/a> chun teacht ar na hacmhainn\u00ed ar fad, lena n-\u00e1ir\u00edtear n\u00f3ta\u00ed cuimsitheacha OneNote.<\/p>\n<h2>F\u00edse\u00e1in ghaeilge<\/h2>\n<p>An bhliain seo chaite, chruthaigh CCPC ceithre fh\u00edse\u00e1n Gaeilge ina bhfuil Cl\u00edona N\u00ed Ch\u00edos\u00e1in \u00f3 Home School Hub. Rinneadh na f\u00edse\u00e1in seo i gcomhar le COGG agus an tSraith Sh\u00f3isearach do Mh\u00fainteoir\u00ed, agus d\u00edreoidh siad ar na h\u00e1bhair a cl\u00fada\u00edodh ar \u00c1bhair Airgid cheana f\u00e9in;<\/p>\n<ul>\n<li>Riachtanais agus Mianta<\/li>\n<li>Acmhainn\u00ed agus Ioncam<\/li>\n<li>Caiteachas &amp;<\/li>\n<li>Buis\u00e9id<\/li>\n<\/ul>\n<p>M\u00e1s mian leat breathnaigh ar na f\u00edse\u00e1in, t\u00e9igh go dt\u00ed <a href=\"https:\/\/moneymatters.ccpc.ie\/abhair-airgid\/\">ccpc.ie\/abhair-airgid<\/a>.<\/p>\n<p>M\u00e1s m\u00fainteoir th\u00fa a bhfuil rang agat sa tSraith Sh\u00f3isearach, cuirfimid f\u00e1ilte roimh aiseolas uait tr\u00edn\u00e1r <a href=\"mailto:teacherssurvey\">suirbh\u00e9 do mh\u00fainteoir\u00ed<\/a>, n\u00f3 is f\u00e9idir leat r\u00edomhphost a sheoladh chuig <a href=\"mailto:financialeducation@ccpc.ie\">financialeducation@ccpc.ie<\/a><\/p>\n<p><strong>Lean ar na me\u00e1in sh\u00f3isialta muid chun an t-eolas is d\u00e9ana\u00ed a fh\u00e1il:<\/strong><\/p>\n<p><a href=\"https:\/\/www.facebook.com\/CCPC.ie\/\"><b><span data-contrast=\"auto\">Facebook<\/span><\/b><span data-contrast=\"auto\">: \/CCPC.ie\u202f\u00a0<\/span><span data-ccp-props=\"{&quot;134233117&quot;:true,&quot;134233118&quot;:true,&quot;201341983&quot;:0,&quot;335559740&quot;:240}\">\u00a0<\/span><\/a><br \/>\n<a href=\"https:\/\/twitter.com\/CCPCIreland\"><b><span data-contrast=\"auto\">Twitter<\/span><\/b><span data-contrast=\"auto\">: @CCPCIreland\u202f\u00a0<\/span><span data-ccp-props=\"{&quot;134233117&quot;:true,&quot;134233118&quot;:true,&quot;201341983&quot;:0,&quot;335559740&quot;:240}\">\u00a0<\/span><\/a><br \/>\n<a href=\"https:\/\/www.instagram.com\/ccpcireland\"><b><span data-contrast=\"auto\">Instagram<\/span><\/b><span data-contrast=\"auto\">: @CCPCIreland\u202f\u00a0<\/span><span data-ccp-props=\"{&quot;134233117&quot;:true,&quot;134233118&quot;:true,&quot;201341983&quot;:0,&quot;335559740&quot;:240}\">\u00a0<\/span><\/a><\/p>\n","protected":false},"excerpt":{"rendered":"<p>Chun Seachtain na Gaeilge 2023 a cheili\u00faradh, t\u00e1 CCPC ag moladh do mh\u00fainteoir\u00ed agus scol\u00e1ir\u00ed na Sraithe S\u00f3iseara\u00ed leas a bhaint as an nGaeilge at\u00e1 acu agus \u00e1r n-acmhainn Ghaeilge at\u00e1 saor in aisce, \u00c1bhair Airgid, a \u00fas\u00e1id. Forbra\u00edodh \u00c1bhair &hellip;<\/p>\n","protected":false},"author":217,"featured_media":17148,"comment_status":"open","ping_status":"open","sticky":false,"template":"","format":"standard","meta":{"_acf_changed":false,"inline_featured_image":false,"footnotes":""},"categories":[1],"tags":[],"class_list":["post-17899","post","type-post","status-publish","format-standard","has-post-thumbnail","hentry","category-news"],"acf":[],"yoast_head":"<!-- This site is optimized with the Yoast SEO plugin v25.6 - https:\/\/yoast.com\/wordpress\/plugins\/seo\/ -->\n<title>Foghlaim conas do chuid airgid a bhainisti\u00fa &#039;as gaeilge&#039; le h\u00e1bhair airgid de chuid CCPC - CCPC Consumers<\/title>\n<meta name=\"description\" content=\"The Competition and Consumer Protection Commission is an independent statutory body that enforces competition and consumer protection law in Ireland\" \/>\n<meta name=\"robots\" content=\"noindex, follow, max-snippet:-1, max-image-preview:large, max-video-preview:-1\" \/>\n<meta property=\"og:locale\" content=\"en_GB\" \/>\n<meta property=\"og:type\" content=\"article\" \/>\n<meta property=\"og:title\" content=\"Foghlaim conas do chuid airgid a bhainisti\u00fa &#039;as gaeilge&#039; le h\u00e1bhair airgid de chuid CCPC - CCPC Consumers\" \/>\n<meta property=\"og:description\" content=\"The Competition and Consumer Protection Commission is an independent statutory body that enforces competition and consumer protection law in Ireland\" \/>\n<meta property=\"og:url\" content=\"https:\/\/www.ccpc.ie\/consumers\/2023\/03\/02\/foghlaim-conas-do-chuid-airgid-a-bhainistiu-as-gaeilge-le-habhair-airgid-de-chuid-ccpc\/\" \/>\n<meta property=\"og:site_name\" content=\"CCPC Consumers\" \/>\n<meta property=\"article:published_time\" content=\"2023-03-02T09:24:11+00:00\" \/>\n<meta property=\"og:image\" content=\"https:\/\/www.ccpc.ie\/consumers\/wp-content\/uploads\/sites\/2\/2022\/10\/calculator.jpg\" \/>\n\t<meta property=\"og:image:width\" content=\"800\" \/>\n\t<meta property=\"og:image:height\" content=\"530\" \/>\n\t<meta property=\"og:image:type\" content=\"image\/jpeg\" \/>\n<meta name=\"author\" content=\"kevinloughran\" \/>\n<meta name=\"twitter:card\" content=\"summary_large_image\" \/>\n<meta name=\"twitter:label1\" content=\"Written by\" \/>\n\t<meta name=\"twitter:data1\" content=\"kevinloughran\" \/>\n\t<meta name=\"twitter:label2\" content=\"Estimated reading time\" \/>\n\t<meta name=\"twitter:data2\" content=\"3 minutes\" \/>\n<script type=\"application\/ld+json\" class=\"yoast-schema-graph\">{\"@context\":\"https:\/\/schema.org\",\"@graph\":[{\"@type\":\"WebPage\",\"@id\":\"https:\/\/www.ccpc.ie\/consumers\/2023\/03\/02\/foghlaim-conas-do-chuid-airgid-a-bhainistiu-as-gaeilge-le-habhair-airgid-de-chuid-ccpc\/\",\"url\":\"https:\/\/www.ccpc.ie\/consumers\/2023\/03\/02\/foghlaim-conas-do-chuid-airgid-a-bhainistiu-as-gaeilge-le-habhair-airgid-de-chuid-ccpc\/\",\"name\":\"Foghlaim conas do chuid airgid a bhainisti\u00fa 'as gaeilge' le h\u00e1bhair airgid de chuid CCPC - CCPC Consumers\",\"isPartOf\":{\"@id\":\"https:\/\/ccpc.inventise.ie\/consumers\/#website\"},\"primaryImageOfPage\":{\"@id\":\"https:\/\/www.ccpc.ie\/consumers\/2023\/03\/02\/foghlaim-conas-do-chuid-airgid-a-bhainistiu-as-gaeilge-le-habhair-airgid-de-chuid-ccpc\/#primaryimage\"},\"image\":{\"@id\":\"https:\/\/www.ccpc.ie\/consumers\/2023\/03\/02\/foghlaim-conas-do-chuid-airgid-a-bhainistiu-as-gaeilge-le-habhair-airgid-de-chuid-ccpc\/#primaryimage\"},\"thumbnailUrl\":\"https:\/\/ccpc.inventise.ie\/consumers\/wp-content\/uploads\/sites\/2\/2022\/10\/calculator.jpg\",\"datePublished\":\"2023-03-02T09:24:11+00:00\",\"author\":{\"@id\":\"https:\/\/ccpc.inventise.ie\/consumers\/#\/schema\/person\/57a96aa7417a63a0e2dfe075b792c532\"},\"description\":\"The Competition and Consumer Protection Commission is an independent statutory body that enforces competition and consumer protection law in Ireland\",\"breadcrumb\":{\"@id\":\"https:\/\/www.ccpc.ie\/consumers\/2023\/03\/02\/foghlaim-conas-do-chuid-airgid-a-bhainistiu-as-gaeilge-le-habhair-airgid-de-chuid-ccpc\/#breadcrumb\"},\"inLanguage\":\"en-GB\",\"potentialAction\":[{\"@type\":\"ReadAction\",\"target\":[\"https:\/\/www.ccpc.ie\/consumers\/2023\/03\/02\/foghlaim-conas-do-chuid-airgid-a-bhainistiu-as-gaeilge-le-habhair-airgid-de-chuid-ccpc\/\"]}]},{\"@type\":\"ImageObject\",\"inLanguage\":\"en-GB\",\"@id\":\"https:\/\/www.ccpc.ie\/consumers\/2023\/03\/02\/foghlaim-conas-do-chuid-airgid-a-bhainistiu-as-gaeilge-le-habhair-airgid-de-chuid-ccpc\/#primaryimage\",\"url\":\"https:\/\/ccpc.inventise.ie\/consumers\/wp-content\/uploads\/sites\/2\/2022\/10\/calculator.jpg\",\"contentUrl\":\"https:\/\/ccpc.inventise.ie\/consumers\/wp-content\/uploads\/sites\/2\/2022\/10\/calculator.jpg\",\"width\":800,\"height\":530,\"caption\":\"calculator sitting on coins\"},{\"@type\":\"BreadcrumbList\",\"@id\":\"https:\/\/www.ccpc.ie\/consumers\/2023\/03\/02\/foghlaim-conas-do-chuid-airgid-a-bhainistiu-as-gaeilge-le-habhair-airgid-de-chuid-ccpc\/#breadcrumb\",\"itemListElement\":[{\"@type\":\"ListItem\",\"position\":1,\"name\":\"Home\",\"item\":\"https:\/\/ccpc.inventise.ie\/consumers\/\"},{\"@type\":\"ListItem\",\"position\":2,\"name\":\"Foghlaim conas do chuid airgid a bhainisti\u00fa &#8216;as gaeilge&#8217; le h\u00e1bhair airgid de chuid CCPC\"}]},{\"@type\":\"WebSite\",\"@id\":\"https:\/\/ccpc.inventise.ie\/consumers\/#website\",\"url\":\"https:\/\/ccpc.inventise.ie\/consumers\/\",\"name\":\"CCPC Consumers\",\"description\":\"The Competition and Consumer Protection Commission\",\"potentialAction\":[{\"@type\":\"SearchAction\",\"target\":{\"@type\":\"EntryPoint\",\"urlTemplate\":\"https:\/\/ccpc.inventise.ie\/consumers\/?s={search_term_string}\"},\"query-input\":{\"@type\":\"PropertyValueSpecification\",\"valueRequired\":true,\"valueName\":\"search_term_string\"}}],\"inLanguage\":\"en-GB\"},{\"@type\":\"Person\",\"@id\":\"https:\/\/ccpc.inventise.ie\/consumers\/#\/schema\/person\/57a96aa7417a63a0e2dfe075b792c532\",\"name\":\"kevinloughran\",\"image\":{\"@type\":\"ImageObject\",\"inLanguage\":\"en-GB\",\"@id\":\"https:\/\/ccpc.inventise.ie\/consumers\/#\/schema\/person\/image\/\",\"url\":\"https:\/\/secure.gravatar.com\/avatar\/8b201bc89fc59a28b5f2633fee5d109c31366ea62cc9c110e2d7bacfb3d13263?s=96&d=mm&r=g\",\"contentUrl\":\"https:\/\/secure.gravatar.com\/avatar\/8b201bc89fc59a28b5f2633fee5d109c31366ea62cc9c110e2d7bacfb3d13263?s=96&d=mm&r=g\",\"caption\":\"kevinloughran\"},\"url\":\"https:\/\/ccpc.inventise.ie\/consumers\/author\/kevinloughran\/\"}]}<\/script>\n<!-- \/ Yoast SEO plugin. -->","yoast_head_json":{"title":"Foghlaim conas do chuid airgid a bhainisti\u00fa 'as gaeilge' le h\u00e1bhair airgid de chuid CCPC - CCPC Consumers","description":"The Competition and Consumer Protection Commission is an independent statutory body that enforces competition and consumer protection law in Ireland","robots":{"index":"noindex","follow":"follow","max-snippet":"max-snippet:-1","max-image-preview":"max-image-preview:large","max-video-preview":"max-video-preview:-1"},"og_locale":"en_GB","og_type":"article","og_title":"Foghlaim conas do chuid airgid a bhainisti\u00fa 'as gaeilge' le h\u00e1bhair airgid de chuid CCPC - CCPC Consumers","og_description":"The Competition and Consumer Protection Commission is an independent statutory body that enforces competition and consumer protection law in Ireland","og_url":"https:\/\/www.ccpc.ie\/consumers\/2023\/03\/02\/foghlaim-conas-do-chuid-airgid-a-bhainistiu-as-gaeilge-le-habhair-airgid-de-chuid-ccpc\/","og_site_name":"CCPC Consumers","article_published_time":"2023-03-02T09:24:11+00:00","og_image":[{"width":800,"height":530,"url":"https:\/\/www.ccpc.ie\/consumers\/wp-content\/uploads\/sites\/2\/2022\/10\/calculator.jpg","type":"image\/jpeg"}],"author":"kevinloughran","twitter_card":"summary_large_image","twitter_misc":{"Written by":"kevinloughran","Estimated reading time":"3 minutes"},"schema":{"@context":"https:\/\/schema.org","@graph":[{"@type":"WebPage","@id":"https:\/\/www.ccpc.ie\/consumers\/2023\/03\/02\/foghlaim-conas-do-chuid-airgid-a-bhainistiu-as-gaeilge-le-habhair-airgid-de-chuid-ccpc\/","url":"https:\/\/www.ccpc.ie\/consumers\/2023\/03\/02\/foghlaim-conas-do-chuid-airgid-a-bhainistiu-as-gaeilge-le-habhair-airgid-de-chuid-ccpc\/","name":"Foghlaim conas do chuid airgid a bhainisti\u00fa 'as gaeilge' le h\u00e1bhair airgid de chuid CCPC - CCPC Consumers","isPartOf":{"@id":"https:\/\/ccpc.inventise.ie\/consumers\/#website"},"primaryImageOfPage":{"@id":"https:\/\/www.ccpc.ie\/consumers\/2023\/03\/02\/foghlaim-conas-do-chuid-airgid-a-bhainistiu-as-gaeilge-le-habhair-airgid-de-chuid-ccpc\/#primaryimage"},"image":{"@id":"https:\/\/www.ccpc.ie\/consumers\/2023\/03\/02\/foghlaim-conas-do-chuid-airgid-a-bhainistiu-as-gaeilge-le-habhair-airgid-de-chuid-ccpc\/#primaryimage"},"thumbnailUrl":"https:\/\/ccpc.inventise.ie\/consumers\/wp-content\/uploads\/sites\/2\/2022\/10\/calculator.jpg","datePublished":"2023-03-02T09:24:11+00:00","author":{"@id":"https:\/\/ccpc.inventise.ie\/consumers\/#\/schema\/person\/57a96aa7417a63a0e2dfe075b792c532"},"description":"The Competition and Consumer Protection Commission is an independent statutory body that enforces competition and consumer protection law in Ireland","breadcrumb":{"@id":"https:\/\/www.ccpc.ie\/consumers\/2023\/03\/02\/foghlaim-conas-do-chuid-airgid-a-bhainistiu-as-gaeilge-le-habhair-airgid-de-chuid-ccpc\/#breadcrumb"},"inLanguage":"en-GB","potentialAction":[{"@type":"ReadAction","target":["https:\/\/www.ccpc.ie\/consumers\/2023\/03\/02\/foghlaim-conas-do-chuid-airgid-a-bhainistiu-as-gaeilge-le-habhair-airgid-de-chuid-ccpc\/"]}]},{"@type":"ImageObject","inLanguage":"en-GB","@id":"https:\/\/www.ccpc.ie\/consumers\/2023\/03\/02\/foghlaim-conas-do-chuid-airgid-a-bhainistiu-as-gaeilge-le-habhair-airgid-de-chuid-ccpc\/#primaryimage","url":"https:\/\/ccpc.inventise.ie\/consumers\/wp-content\/uploads\/sites\/2\/2022\/10\/calculator.jpg","contentUrl":"https:\/\/ccpc.inventise.ie\/consumers\/wp-content\/uploads\/sites\/2\/2022\/10\/calculator.jpg","width":800,"height":530,"caption":"calculator sitting on coins"},{"@type":"BreadcrumbList","@id":"https:\/\/www.ccpc.ie\/consumers\/2023\/03\/02\/foghlaim-conas-do-chuid-airgid-a-bhainistiu-as-gaeilge-le-habhair-airgid-de-chuid-ccpc\/#breadcrumb","itemListElement":[{"@type":"ListItem","position":1,"name":"Home","item":"https:\/\/ccpc.inventise.ie\/consumers\/"},{"@type":"ListItem","position":2,"name":"Foghlaim conas do chuid airgid a bhainisti\u00fa &#8216;as gaeilge&#8217; le h\u00e1bhair airgid de chuid CCPC"}]},{"@type":"WebSite","@id":"https:\/\/ccpc.inventise.ie\/consumers\/#website","url":"https:\/\/ccpc.inventise.ie\/consumers\/","name":"CCPC Consumers","description":"The Competition and Consumer Protection Commission","potentialAction":[{"@type":"SearchAction","target":{"@type":"EntryPoint","urlTemplate":"https:\/\/ccpc.inventise.ie\/consumers\/?s={search_term_string}"},"query-input":{"@type":"PropertyValueSpecification","valueRequired":true,"valueName":"search_term_string"}}],"inLanguage":"en-GB"},{"@type":"Person","@id":"https:\/\/ccpc.inventise.ie\/consumers\/#\/schema\/person\/57a96aa7417a63a0e2dfe075b792c532","name":"kevinloughran","image":{"@type":"ImageObject","inLanguage":"en-GB","@id":"https:\/\/ccpc.inventise.ie\/consumers\/#\/schema\/person\/image\/","url":"https:\/\/secure.gravatar.com\/avatar\/8b201bc89fc59a28b5f2633fee5d109c31366ea62cc9c110e2d7bacfb3d13263?s=96&d=mm&r=g","contentUrl":"https:\/\/secure.gravatar.com\/avatar\/8b201bc89fc59a28b5f2633fee5d109c31366ea62cc9c110e2d7bacfb3d13263?s=96&d=mm&r=g","caption":"kevinloughran"},"url":"https:\/\/ccpc.inventise.ie\/consumers\/author\/kevinloughran\/"}]}},"_links":{"self":[{"href":"https:\/\/ccpc.inventise.ie\/consumers\/wp-json\/wp\/v2\/posts\/17899","targetHints":{"allow":["GET"]}}],"collection":[{"href":"https:\/\/ccpc.inventise.ie\/consumers\/wp-json\/wp\/v2\/posts"}],"about":[{"href":"https:\/\/ccpc.inventise.ie\/consumers\/wp-json\/wp\/v2\/types\/post"}],"author":[{"embeddable":true,"href":"https:\/\/ccpc.inventise.ie\/consumers\/wp-json\/wp\/v2\/users\/217"}],"replies":[{"embeddable":true,"href":"https:\/\/ccpc.inventise.ie\/consumers\/wp-json\/wp\/v2\/comments?post=17899"}],"version-history":[{"count":1,"href":"https:\/\/ccpc.inventise.ie\/consumers\/wp-json\/wp\/v2\/posts\/17899\/revisions"}],"predecessor-version":[{"id":17900,"href":"https:\/\/ccpc.inventise.ie\/consumers\/wp-json\/wp\/v2\/posts\/17899\/revisions\/17900"}],"wp:featuredmedia":[{"embeddable":true,"href":"https:\/\/ccpc.inventise.ie\/consumers\/wp-json\/wp\/v2\/media\/17148"}],"wp:attachment":[{"href":"https:\/\/ccpc.inventise.ie\/consumers\/wp-json\/wp\/v2\/media?parent=17899"}],"wp:term":[{"taxonomy":"category","embeddable":true,"href":"https:\/\/ccpc.inventise.ie\/consumers\/wp-json\/wp\/v2\/categories?post=17899"},{"taxonomy":"post_tag","embeddable":true,"href":"https:\/\/ccpc.inventise.ie\/consumers\/wp-json\/wp\/v2\/tags?post=17899"}],"curies":[{"name":"wp","href":"https:\/\/api.w.org\/{rel}","templated":true}]}}